{"id":792,"date":"2023-04-12T15:55:30","date_gmt":"2023-04-12T15:55:30","guid":{"rendered":"https:\/\/kirchenchor-sundern.de\/?p=792"},"modified":"2023-11-23T17:56:38","modified_gmt":"2023-11-23T17:56:38","slug":"monika-alberst-legt-ihre-taetigkeit-als-chorleiterin-nieder","status":"publish","type":"post","link":"https:\/\/kirchenchor-sundern.de\/?p=792","title":{"rendered":"Monika Albers legt ihre T\u00e4tigkeit als Chorleiterin nieder"},"content":{"rendered":"<p style=\"text-align: justify;\">Monika Albers beendete nach ann\u00e4hernd drei Jahren aus beruflichen Gr\u00fcnden die Leitung des Kirchenchores St. Johannes Sundern am 31.03.2023. Als letzten Einsatz \u00fcbernahm sie das Dirigat des Chores am Ostersonntag im Gottesdienst in der St. Johanneskirche. Hierf\u00fcr w\u00e4hlte sie eine Chorliteratur, die einen anspruchsvollen Chorklang garantierte. Der Kirchenchor konnte so zur Versch\u00f6nerung der Feier beitragen. Die Orgel spielte Monika Albers selbst.<\/p>\n<p><a href=\"https:\/\/kirchenchor-sundern.de\/wp-content\/uploads\/2021\/07\/Monika.jpeg\"><img decoding=\"async\" loading=\"lazy\" class=\"alignnone size-full wp-image-752\" src=\"https:\/\/kirchenchor-sundern.de\/wp-content\/uploads\/2021\/07\/Monika.jpeg\" alt=\"\" width=\"216\" height=\"300\" \/><\/a><\/p>\n<p style=\"text-align: justify;\">Pfarrer Stefan Siebert w\u00fcrdigte w\u00e4hrend der Feier ihre Verdienste um die Chor- und Kirchenmusik in Sundern. Er bedauerte ihr Ausscheiden als Chorleiterin, zeigte aber f\u00fcr ihren Entschluss volles Verst\u00e4ndnis. Mit einem Blumenstrau\u00df bedankte er sich bei ihr f\u00fcr die geleistete Arbeit als Chorleiterin.<\/p>\n<p style=\"text-align: justify;\">Monika Albers \u00fcbernahm im Jahre 2020 die Leitung des Kirchenchores von Chorleiter Wolfgang Bitter, welcher\u00a0 Anfang des Jahres gek\u00fcndigt hatte.\u00a0 Mit Beginn der Corona-Pandemie begann f\u00fcr den Kirchenchor eine schwierige Phase, da \u00fcber mehrere Monate keine gemeinsamen Chorproben und Auftritte m\u00f6glich waren und die Chorarbeit ruhen musste. Um aber das gesangliche Niveau und die Gemeinsamkeit des Chores zu erhalten, kaufte Monika Albers sich die Berechtigung f\u00fcr eine Zoom-Konferenz, um digital\u00a0 mit dem Chor zu arbeiten. Ferner gestaltete sie in den Jahren 2020 und 2021 w\u00e4hrend der Corona-Zeit mit kleineren Projektgruppen unter erschwerten Bedingungen gesanglich die Gottesdienste zur Firmung.<\/p>\n<p style=\"text-align: justify;\">Anfang des Jahres 2022 wurde mit Unterst\u00fctzung von Monika Albers eine Fusion mit dem gemischten Chor \u201eC\u00e4cilia Nova \u201e beschlossen, weil dessen Chorleiter gek\u00fcndigt hatte. Leider hatte diese Fusion wegen der unterschiedlichen Interessen und Vorstellungen beider Ch\u00f6re keinen Bestand.<\/p>\n<p style=\"text-align: justify;\">W\u00e4hrend der drei Jahre ihres Wirkens als Chorleiterin konnte Monika Albers Dank ihrer ureigenen k\u00f6lschen Lockerheit die S\u00e4nger und S\u00e4ngerinnen des Kirchenchores bei den Chorproben und Auftritten begeistern und das Niveau des Chorgesanges anheben.<\/p>\n<p style=\"text-align: justify;\">F\u00fcr die geleistete Arbeit m\u00f6chte der Kirchenchor St. Johannes Sundern ihr auf diesem Wege noch einmal Dank und Anerkennung aussprechen, insbesondere auch f\u00fcr ihre Bereitschaft, dem Kirchenchor weiter unterst\u00fctzend zur Verf\u00fcgung zu stehen.<\/p>\n<p style=\"text-align: justify;\">Als neuen Chorleiter konnte der Kirchenchor Sundern R\u00fcdiger Alkert aus Arnsberg gewinnen. gemeinsam mit der Chorgemeinschaft Hellefeld soll nun der kirchliche Chorgesang in Sundern weiter belebt werden.<\/p>\n<p style=\"text-align: justify;\">Interessierte S\u00e4nger und S\u00e4ngerinnen, die einmal gerne in einer Gemeinschaft singen m\u00f6chten, sind herzlich willkommen .<\/p>\n<p>Text: Ludger Pietsch, Schriftf\u00fchrer<\/p>\n<p style=\"text-align: justify;\">\n","protected":false},"excerpt":{"rendered":"<p>Monika Albers beendete nach ann\u00e4hernd drei Jahren aus beruflichen Gr\u00fcnden die Leitung des Kirchenchores St. Johannes Sundern am 31.03.2023. Als letzten Einsatz \u00fcbernahm sie das Dirigat des Chores am Ostersonntag im Gottesdienst in der St. Johanneskirche. Hierf\u00fcr w\u00e4hlte sie eine Chorliteratur, die einen anspruchsvollen Chorklang garantierte. Der Kirchenchor konnte so zur Versch\u00f6nerung der Feier beitragen. &hellip; <\/p>\n<p class=\"link-more\"><a href=\"https:\/\/kirchenchor-sundern.de\/?p=792\" class=\"more-link\"><span class=\"screen-reader-text\">\u201eMonika Albers legt ihre T\u00e4tigkeit als Chorleiterin nieder\u201c<\/span> weiterlesen<\/a><\/p>\n","protected":false},"author":1,"featured_media":0,"comment_status":"closed","ping_status":"open","sticky":false,"template":"","format":"standard","meta":{"footnotes":""},"categories":[13],"tags":[],"_links":{"self":[{"href":"https:\/\/kirchenchor-sundern.de\/index.php?rest_route=\/wp\/v2\/posts\/792"}],"collection":[{"href":"https:\/\/kirchenchor-sundern.de\/index.php?rest_route=\/wp\/v2\/posts"}],"about":[{"href":"https:\/\/kirchenchor-sundern.de\/index.php?rest_route=\/wp\/v2\/types\/post"}],"author":[{"embeddable":true,"href":"https:\/\/kirchenchor-sundern.de\/index.php?rest_route=\/wp\/v2\/users\/1"}],"replies":[{"embeddable":true,"href":"https:\/\/kirchenchor-sundern.de\/index.php?rest_route=%2Fwp%2Fv2%2Fcomments&post=792"}],"version-history":[{"count":2,"href":"https:\/\/kirchenchor-sundern.de\/index.php?rest_route=\/wp\/v2\/posts\/792\/revisions"}],"predecessor-version":[{"id":798,"href":"https:\/\/kirchenchor-sundern.de\/index.php?rest_route=\/wp\/v2\/posts\/792\/revisions\/798"}],"wp:attachment":[{"href":"https:\/\/kirchenchor-sundern.de\/index.php?rest_route=%2Fwp%2Fv2%2Fmedia&parent=792"}],"wp:term":[{"taxonomy":"category","embeddable":true,"href":"https:\/\/kirchenchor-sundern.de\/index.php?rest_route=%2Fwp%2Fv2%2Fcategories&post=792"},{"taxonomy":"post_tag","embeddable":true,"href":"https:\/\/kirchenchor-sundern.de\/index.php?rest_route=%2Fwp%2Fv2%2Ftags&post=792"}],"curies":[{"name":"wp","href":"https:\/\/api.w.org\/{rel}","templated":true}]}}