{"id":946,"date":"2025-02-11T20:41:03","date_gmt":"2025-02-11T20:41:03","guid":{"rendered":"https:\/\/kirchenchor-sundern.de\/?p=946"},"modified":"2025-02-11T20:41:03","modified_gmt":"2025-02-11T20:41:03","slug":"75-jaehriges-chorjubilaeum","status":"publish","type":"post","link":"https:\/\/kirchenchor-sundern.de\/?p=946","title":{"rendered":"75 j\u00e4hriges Chorjubil\u00e4um"},"content":{"rendered":"<p><img decoding=\"async\" loading=\"lazy\" src=\"https:\/\/kirchenchor-sundern.de\/wp-content\/uploads\/2025\/02\/20250209-Gruppenbild_alle_Altar-1024x768.jpg\" alt=\"\" width=\"525\" height=\"394\" class=\"alignnone size-large wp-image-947\" srcset=\"https:\/\/kirchenchor-sundern.de\/wp-content\/uploads\/2025\/02\/20250209-Gruppenbild_alle_Altar-1024x768.jpg 1024w, https:\/\/kirchenchor-sundern.de\/wp-content\/uploads\/2025\/02\/20250209-Gruppenbild_alle_Altar-300x225.jpg 300w, https:\/\/kirchenchor-sundern.de\/wp-content\/uploads\/2025\/02\/20250209-Gruppenbild_alle_Altar-768x576.jpg 768w, https:\/\/kirchenchor-sundern.de\/wp-content\/uploads\/2025\/02\/20250209-Gruppenbild_alle_Altar-1536x1152.jpg 1536w, https:\/\/kirchenchor-sundern.de\/wp-content\/uploads\/2025\/02\/20250209-Gruppenbild_alle_Altar-2048x1536.jpg 2048w\" sizes=\"(max-width: 525px) 100vw, 525px\" \/><\/p>\n<p>Mit Freude und Dankbarkeit konnten wir am 09. Februar 2025 unser 75 j\u00e4hriges Chorjubil\u00e4um feiern. Der Tag begann mit einem feierlichen Gottesdienst mit unserm Pr\u00e4ses Pfarrer Stefan Siebert, der die Feier mit seinen Worten und Segnungen bereicherte. Zu diesem besonderen Anlass sang die Chorgemeinschaft Hellefeld-Sundern die &#8222;Messe br\u00e9ve no. 7&#8220; von Charles Gounod, sorgte f\u00fcr eine feierliche Atmosph\u00e4re und ehrte mit der Musik das lange Bestehen und die Tradition des Kirchenchores. Nach der Begr\u00fc\u00dfung durch Georg Scheffer und Wolfgang Mocigemba im Johanneshaus \u00fcberbrachte Monsignore Bernhard Schr\u00f6der, Pr\u00e4ses des Di\u00f6zesan C\u00e4cilien Verbandes seine Gl\u00fcckw\u00fcnsche. Nach einem ereignisreichen mit vielen guten Gespr\u00e4chen, Essen und Trinken ging ein sch\u00f6ner Tag zu Ende.<\/p>\n","protected":false},"excerpt":{"rendered":"<p>Mit Freude und Dankbarkeit konnten wir am 09. Februar 2025 unser 75 j\u00e4hriges Chorjubil\u00e4um feiern. Der Tag begann mit einem feierlichen Gottesdienst mit unserm Pr\u00e4ses Pfarrer Stefan Siebert, der die Feier mit seinen Worten und Segnungen bereicherte. Zu diesem besonderen Anlass sang die Chorgemeinschaft Hellefeld-Sundern die &#8222;Messe br\u00e9ve no. 7&#8220; von Charles Gounod, sorgte f\u00fcr &hellip; <\/p>\n<p class=\"link-more\"><a href=\"https:\/\/kirchenchor-sundern.de\/?p=946\" class=\"more-link\"><span class=\"screen-reader-text\">\u201e75 j\u00e4hriges Chorjubil\u00e4um\u201c<\/span> weiterlesen<\/a><\/p>\n","protected":false},"author":2,"featured_media":0,"comment_status":"closed","ping_status":"open","sticky":false,"template":"","format":"image","meta":{"footnotes":""},"categories":[13,12,6,5],"tags":[],"_links":{"self":[{"href":"https:\/\/kirchenchor-sundern.de\/index.php?rest_route=\/wp\/v2\/posts\/946"}],"collection":[{"href":"https:\/\/kirchenchor-sundern.de\/index.php?rest_route=\/wp\/v2\/posts"}],"about":[{"href":"https:\/\/kirchenchor-sundern.de\/index.php?rest_route=\/wp\/v2\/types\/post"}],"author":[{"embeddable":true,"href":"https:\/\/kirchenchor-sundern.de\/index.php?rest_route=\/wp\/v2\/users\/2"}],"replies":[{"embeddable":true,"href":"https:\/\/kirchenchor-sundern.de\/index.php?rest_route=%2Fwp%2Fv2%2Fcomments&post=946"}],"version-history":[{"count":3,"href":"https:\/\/kirchenchor-sundern.de\/index.php?rest_route=\/wp\/v2\/posts\/946\/revisions"}],"predecessor-version":[{"id":950,"href":"https:\/\/kirchenchor-sundern.de\/index.php?rest_route=\/wp\/v2\/posts\/946\/revisions\/950"}],"wp:attachment":[{"href":"https:\/\/kirchenchor-sundern.de\/index.php?rest_route=%2Fwp%2Fv2%2Fmedia&parent=946"}],"wp:term":[{"taxonomy":"category","embeddable":true,"href":"https:\/\/kirchenchor-sundern.de\/index.php?rest_route=%2Fwp%2Fv2%2Fcategories&post=946"},{"taxonomy":"post_tag","embeddable":true,"href":"https:\/\/kirchenchor-sundern.de\/index.php?rest_route=%2Fwp%2Fv2%2Ftags&post=946"}],"curies":[{"name":"wp","href":"https:\/\/api.w.org\/{rel}","templated":true}]}}